{"id":11480,"date":"2018-01-22T12:56:27","date_gmt":"2018-01-22T09:56:27","guid":{"rendered":"http:\/\/madamebulgaria.com\/?p=11480"},"modified":"2018-01-22T15:06:16","modified_gmt":"2018-01-22T12:06:16","slug":"centro-francofono-de-varna-eventos-enero","status":"publish","type":"post","link":"https:\/\/madamebulgaria.com\/es\/centro-francofono-de-varna-eventos-enero\/","title":{"rendered":"Centro Franc\u00f3fono de Varna: 3 eventos para finales de enero"},"content":{"rendered":"<h4>Muy activo en la promoci\u00f3n de la cultura francesa en Varna, el Centro Franc\u00f3fono de Varna, incluido el <em>Alianza Francesa<\/em>\u00a0y el <em>Instituto Franc\u00e9s<\/em> de Bulgaria en Varna, organizan cada semana numerosos Rendezvous culturales y amistosos. Cu\u00e1l es el programa para este fin de mes?<\/h4>\n<h4><\/h4>\n<h5><\/h5>\n<p>&nbsp;<\/p>\n<h5>25-01-2018 : Charlas sobre rompeolas : Fran\u00e7ais<\/h5>\n<figure id=\"attachment_11501\" aria-describedby=\"caption-attachment-11501\" style=\"width: 299px\" class=\"wp-caption aligncenter\"><img loading=\"lazy\" decoding=\"async\" class=\"wp-image-11501 lazyload\" src=\"data:image\/gif;base64,R0lGODlhAQABAAAAACH5BAEKAAEALAAAAAABAAEAAAICTAEAOw==\" data-src=\"http:\/\/madamebulgaria.com\/wp-content\/uploads\/2018\/01\/26731200_2041356019224648_7280483080134366989_n.jpg\" alt=\"Centro Franc\u00f3fono de Varna, Agenda de enero\" width=\"299\" height=\"181\" data-sizes=\"auto\" data-srcset=\"https:\/\/madamebulgaria.com\/wp-content\/uploads\/2018\/01\/26731200_2041356019224648_7280483080134366989_n.jpg 567w, https:\/\/madamebulgaria.com\/wp-content\/uploads\/2018\/01\/26731200_2041356019224648_7280483080134366989_n-300x181.jpg 300w\" sizes=\"auto, (max-width: 299px) 100vw, 299px\" \/><figcaption id=\"caption-attachment-11501\" class=\"wp-caption-text\">@Centro Franc\u00f3fono de Varna<\/figcaption><\/figure>\n<p>Organizada una al mes por la <a href=\"https:\/\/www.facebook.com\/CentreFrancophoneDeVarna\/\">Centro franc\u00f3fono de Varna<\/a>\u00a0y <a class=\"_64-f\" href=\"https:\/\/www.facebook.com\/amorphafoundation\/\">Fundaci\u00f3n Amorpha Youth<\/a><a class=\"_64-f\" href=\"https:\/\/www.facebook.com\/amorphafoundation\/\">n<\/a>, En esta nueva cita, las Breakwater Talks se celebrar\u00e1n en franc\u00e9s y el tema ser\u00e1 el siguiente<em> \u00ab \u00a1Alliance fran\u00e7aise, bonjour ! L'Alliance Fran\u00e7aise\u201d, avez-vous dit ? \u00bb.\u00a0<\/em>La ponente ser\u00e1 Milena Angu\u00e9lova, Directora de la Alianza Francesa de Varna, y el moderador Eric Perrotel, Encargado de Cooperaci\u00f3n para el franc\u00e9s, Instituto Franc\u00e9s de Bulgaria - Delegaci\u00f3n de Varna \/<strong>\u00a0<\/strong>Fecha : Jueves, 25 de enero de 2018 \/ Lugar : <a href=\"https:\/\/www.google.bg\/maps\/place\/ul.+%22Preslav%22+69,+9000+Varna+Center,+Varna\/@43.2030823,27.9109792,17z\/data=!3m1!4b1!4m5!3m4!1s0x40a453f46a4848dd:0x4d495307dd8bd7c9!8m2!3d43.2030823!4d27.9131679?dcr=0\">Centro Franc\u00f3fono de Varna\/Alliance Fran\u00e7aise de Varna<\/a>\u00a0(la entrada est\u00e1 en la calle, detr\u00e1s del Banco Societe Generale) \/ Hora : 19:00 \/ Duraci\u00f3n : 1h30.<\/p>\n<p><a href=\"https:\/\/www.facebook.com\/events\/280417952490151\/\">Evento en Facebook<\/a><\/p>\n<h5><\/h5>\n<p>&nbsp;<\/p>\n<h5>26-01-2018 : Proyecci\u00f3n de la pel\u00edcula francesa \u201cGrand Central\u201d.\u201d<\/h5>\n<figure id=\"attachment_11502\" aria-describedby=\"caption-attachment-11502\" style=\"width: 240px\" class=\"wp-caption aligncenter\"><img loading=\"lazy\" decoding=\"async\" class=\"wp-image-11502 lazyload\" src=\"data:image\/gif;base64,R0lGODlhAQABAAAAACH5BAEKAAEALAAAAAABAAEAAAICTAEAOw==\" data-src=\"http:\/\/madamebulgaria.com\/wp-content\/uploads\/2018\/01\/25348618_1996814003677005_4312913411034523020_n.jpg\" alt=\"Centro Franc\u00f3fono de Varna, Agenda de enero\" width=\"240\" height=\"340\" data-sizes=\"auto\" data-srcset=\"https:\/\/madamebulgaria.com\/wp-content\/uploads\/2018\/01\/25348618_1996814003677005_4312913411034523020_n.jpg 679w, https:\/\/madamebulgaria.com\/wp-content\/uploads\/2018\/01\/25348618_1996814003677005_4312913411034523020_n-212x300.jpg 212w, https:\/\/madamebulgaria.com\/wp-content\/uploads\/2018\/01\/25348618_1996814003677005_4312913411034523020_n-600x848.jpg 600w\" sizes=\"auto, (max-width: 240px) 100vw, 240px\" \/><figcaption id=\"caption-attachment-11502\" class=\"wp-caption-text\">@Centro Franc\u00f3fono de Varna<\/figcaption><\/figure>\n<p>Organizado una vez por semana por el Centro Franc\u00f3fono de Varna, el Centro contin\u00faa su serie de proyecciones juveniles de las pel\u00edculas de la tarde con la pel\u00edcula francesa \u201cGrand Central\u201d (2013) Con Tahar Rahim, L\u00e9a Seydoux, Olivier Gourmet. G\u00e9nero Romance, Drama\/ Fecha : Viernes 26 de enero de 2018 \/ Lugar : <a href=\"https:\/\/www.google.bg\/maps\/place\/\u0424\u0435\u0441\u0442\u0438\u0432\u0430\u043b\u0435\u043d+\u0438+\u043a\u043e\u043d\u0433\u0440\u0435\u0441\u0435\u043d+\u0446\u0435\u043d\u0442\u044a\u0440,+bul.+%22Slivnitsa%22+2,+9002+Varna+Center,+Varna\/@43.2044357,27.9200676,17z\/data=!3m1!4b1!4m5!3m4!1s0x40a454082769b64d:0xf2a4586f885083fd!8m2!3d43.2044547!4d27.9222847?dcr=0\">Centro de Festivales y Congresos de Varna<\/a> \/Hora : 15:00 \/ Duraci\u00f3n : 1h35 \/ La pel\u00edcula est\u00e1 subtitulada en b\u00falgaro \/ Entrada gratuita \/ Todos son bienvenidos.<\/p>\n<p><a href=\"https:\/\/www.facebook.com\/events\/174094643182997\/\">Evento en Facebook\u00a0<\/a><\/p>\n<p>&nbsp;<\/p>\n<h5>31-01-2018 : El 54\u00ba Polyglot Coffee<\/h5>\n<figure id=\"attachment_11503\" aria-describedby=\"caption-attachment-11503\" style=\"width: 343px\" class=\"wp-caption aligncenter\"><img loading=\"lazy\" decoding=\"async\" class=\"wp-image-11503 lazyload\" src=\"data:image\/gif;base64,R0lGODlhAQABAAAAACH5BAEKAAEALAAAAAABAAEAAAICTAEAOw==\" data-src=\"http:\/\/madamebulgaria.com\/wp-content\/uploads\/2018\/01\/26112009_511028552602229_2195240313057063527_n.jpg\" alt=\"Centro Franc\u00f3fono de Varna, Agenda de enero\" width=\"343\" height=\"193\" data-sizes=\"auto\" data-srcset=\"https:\/\/madamebulgaria.com\/wp-content\/uploads\/2018\/01\/26112009_511028552602229_2195240313057063527_n.jpg 960w, https:\/\/madamebulgaria.com\/wp-content\/uploads\/2018\/01\/26112009_511028552602229_2195240313057063527_n-300x169.jpg 300w, https:\/\/madamebulgaria.com\/wp-content\/uploads\/2018\/01\/26112009_511028552602229_2195240313057063527_n-768x432.jpg 768w, https:\/\/madamebulgaria.com\/wp-content\/uploads\/2018\/01\/26112009_511028552602229_2195240313057063527_n-600x338.jpg 600w\" sizes=\"auto, (max-width: 343px) 100vw, 343px\" \/><figcaption id=\"caption-attachment-11503\" class=\"wp-caption-text\">@Centro Franc\u00f3fono de Varna<\/figcaption><\/figure>\n<p>Organizada una vez al mes por el Centro Franc\u00f3fono de Varna, la cita del Caf\u00e9 Pol\u00edglota es un evento muy amistoso en el que se conoce a gente nueva en un ambiente pol\u00edglota: b\u00falgaro, franc\u00e9s, ingl\u00e9s, alem\u00e1n, etc. Aqu\u00ed est\u00e1 nuestro <a href=\"http:\/\/madamebulgaria.com\/es\/cafe-polyglotte-varna\/\">art\u00edculo<\/a> acerca de \/ Fecha : Mi\u00e9rcoles 31 de enero \/ Lugar : <a href=\"https:\/\/www.google.bg\/maps?client=safari&amp;rls=en&amp;dcr=0&amp;q=27+Tzar+Simeon+I++Street,+Varna&amp;um=1&amp;ie=UTF-8&amp;sa=X&amp;ved=0ahUKEwiDq9OOsuvYAhVBOywKHdl7AHsQ_AUICigB\">Teatro Dolby<\/a>\u00a0\/ Hora : a partir de las 7:00 \/ Entrada gratuita.<\/p>\n<p><a href=\"https:\/\/www.facebook.com\/events\/1974529089481810\/\">Evento en Facebook<\/a><\/p>\n<p>&nbsp;<\/p>\n<p><em>La Revista Madame Bulgaria es una asociaci\u00f3n del Centro Franc\u00f3fono de Varna, que incluye la sucursal del Instituto Franc\u00e9s de Bulgaria en Varna y la Alianza Francesa de Varna. El centro, muy comprometido, promueve la lengua y la cultura francesas en Varna a trav\u00e9s de los cursos que ofrece y los numerosos actos culturales din\u00e1micos y amistosos que organiza.<\/em><\/p>","protected":false},"excerpt":{"rendered":"<p>Muy activo para promover la cultura francesa en Varna, el Centro Franc\u00f3fono de Varna, incluyendo la Alianza Francesa y el Instituto Franc\u00e9s de Bulgaria en Varna, organizan muchas Rendezvous culturales y amistosos cada semana. \u00bfCu\u00e1l es el programa para este fin de mes? 25-01-2018 : Breakwater Talks : Fran\u00e7ais Organizado una vez al mes por el...<\/p>","protected":false},"author":1,"featured_media":11513,"comment_status":"open","ping_status":"open","sticky":false,"template":"","format":"image","meta":{"footnotes":""},"categories":[462,465],"tags":[478,206,479,364],"thb-sponsors":[],"class_list":["post-11480","post","type-post","status-publish","format-image","has-post-thumbnail","hentry","category-agenda","category-varna","tag-centre-francophone","tag-culture","tag-events","tag-varna","post_format-post-format-image"],"yoast_head":"<!-- This site is optimized with the Yoast SEO plugin v27.1.1 - https:\/\/yoast.com\/product\/yoast-seo-wordpress\/ -->\n<title>Centre Francophone of Varna : 3 Events To Do End Of January &#8211; Madame Bulgaria<\/title>\n<meta name=\"description\" content=\"Find the program of this end of January events not to be missed organized by the Centre Francophone of Varna in Bulgaria...\" \/>\n<meta name=\"robots\" content=\"index, follow, max-snippet:-1, max-image-preview:large, max-video-preview:-1\" \/>\n<link rel=\"canonical\" href=\"https:\/\/madamebulgaria.com\/es\/centro-francofono-de-varna-eventos-enero\/\" \/>\n<meta property=\"og:locale\" content=\"es_ES\" \/>\n<meta property=\"og:type\" content=\"article\" \/>\n<meta property=\"og:title\" content=\"Centre Francophone of Varna : 3 Events To Do End Of January &#8211; Madame Bulgaria\" \/>\n<meta property=\"og:description\" content=\"Find the program of this end of January events not to be missed organized by the Centre Francophone of Varna in Bulgaria...\" \/>\n<meta property=\"og:url\" content=\"https:\/\/madamebulgaria.com\/es\/centro-francofono-de-varna-eventos-enero\/\" \/>\n<meta property=\"og:site_name\" content=\"Madame Bulgaria\" \/>\n<meta property=\"article:publisher\" content=\"https:\/\/www.facebook.com\/madamebulgaria\/?fref=ts\" \/>\n<meta property=\"article:author\" content=\"https:\/\/www.facebook.com\/mariepieee?fref=ts\" \/>\n<meta property=\"article:published_time\" content=\"2018-01-22T09:56:27+00:00\" \/>\n<meta property=\"article:modified_time\" content=\"2018-01-22T12:06:16+00:00\" \/>\n<meta property=\"og:image\" content=\"https:\/\/madamebulgaria.com\/wp-content\/uploads\/2018\/01\/Centre-Francophone-of-Varna-Cov.png\" \/>\n\t<meta property=\"og:image:width\" content=\"1081\" \/>\n\t<meta property=\"og:image:height\" content=\"600\" \/>\n\t<meta property=\"og:image:type\" content=\"image\/png\" \/>\n<meta name=\"author\" content=\"Marie Pietrzak\" \/>\n<meta name=\"twitter:card\" content=\"summary_large_image\" \/>\n<meta name=\"twitter:creator\" content=\"@madamebulgaria\" \/>\n<meta name=\"twitter:site\" content=\"@madamebulgaria\" \/>\n<meta name=\"twitter:label1\" content=\"Escrito por\" \/>\n\t<meta name=\"twitter:data1\" content=\"Marie Pietrzak\" \/>\n\t<meta name=\"twitter:label2\" content=\"Tiempo de lectura\" \/>\n\t<meta name=\"twitter:data2\" content=\"2 minutos\" \/>\n<script type=\"application\/ld+json\" class=\"yoast-schema-graph\">{\"@context\":\"https:\/\/schema.org\",\"@graph\":[{\"@type\":\"Article\",\"@id\":\"https:\/\/madamebulgaria.com\/centre-francophone-of-varna-events-january\/#article\",\"isPartOf\":{\"@id\":\"https:\/\/madamebulgaria.com\/centre-francophone-of-varna-events-january\/\"},\"author\":{\"name\":\"Marie Pietrzak\",\"@id\":\"https:\/\/madamebulgaria.com\/#\/schema\/person\/7aa9609fa82f4714913bbbe9ddfe51ad\"},\"headline\":\"Centre Francophone of Varna : 3 Events To Do End Of January\",\"datePublished\":\"2018-01-22T09:56:27+00:00\",\"dateModified\":\"2018-01-22T12:06:16+00:00\",\"mainEntityOfPage\":{\"@id\":\"https:\/\/madamebulgaria.com\/centre-francophone-of-varna-events-january\/\"},\"wordCount\":401,\"commentCount\":0,\"publisher\":{\"@id\":\"https:\/\/madamebulgaria.com\/#organization\"},\"image\":{\"@id\":\"https:\/\/madamebulgaria.com\/centre-francophone-of-varna-events-january\/#primaryimage\"},\"thumbnailUrl\":\"https:\/\/madamebulgaria.com\/wp-content\/uploads\/2018\/01\/Centre-Francophone-of-Varna-Cov.png\",\"keywords\":[\"Centre Francophone\",\"culture\",\"Events\",\"Varna\"],\"articleSection\":[\"Agenda\",\"Varna\"],\"inLanguage\":\"es\",\"potentialAction\":[{\"@type\":\"CommentAction\",\"name\":\"Comment\",\"target\":[\"https:\/\/madamebulgaria.com\/centre-francophone-of-varna-events-january\/#respond\"]}]},{\"@type\":\"WebPage\",\"@id\":\"https:\/\/madamebulgaria.com\/centre-francophone-of-varna-events-january\/\",\"url\":\"https:\/\/madamebulgaria.com\/centre-francophone-of-varna-events-january\/\",\"name\":\"Centre Francophone of Varna : 3 Events To Do End Of January &#8211; Madame Bulgaria\",\"isPartOf\":{\"@id\":\"https:\/\/madamebulgaria.com\/#website\"},\"primaryImageOfPage\":{\"@id\":\"https:\/\/madamebulgaria.com\/centre-francophone-of-varna-events-january\/#primaryimage\"},\"image\":{\"@id\":\"https:\/\/madamebulgaria.com\/centre-francophone-of-varna-events-january\/#primaryimage\"},\"thumbnailUrl\":\"https:\/\/madamebulgaria.com\/wp-content\/uploads\/2018\/01\/Centre-Francophone-of-Varna-Cov.png\",\"datePublished\":\"2018-01-22T09:56:27+00:00\",\"dateModified\":\"2018-01-22T12:06:16+00:00\",\"description\":\"Find the program of this end of January events not to be missed organized by the Centre Francophone of Varna in Bulgaria...\",\"breadcrumb\":{\"@id\":\"https:\/\/madamebulgaria.com\/centre-francophone-of-varna-events-january\/#breadcrumb\"},\"inLanguage\":\"es\",\"potentialAction\":[{\"@type\":\"ReadAction\",\"target\":[\"https:\/\/madamebulgaria.com\/centre-francophone-of-varna-events-january\/\"]}]},{\"@type\":\"ImageObject\",\"inLanguage\":\"es\",\"@id\":\"https:\/\/madamebulgaria.com\/centre-francophone-of-varna-events-january\/#primaryimage\",\"url\":\"https:\/\/madamebulgaria.com\/wp-content\/uploads\/2018\/01\/Centre-Francophone-of-Varna-Cov.png\",\"contentUrl\":\"https:\/\/madamebulgaria.com\/wp-content\/uploads\/2018\/01\/Centre-Francophone-of-Varna-Cov.png\",\"width\":1081,\"height\":600,\"caption\":\"Centre Francophone of Varna Madame Bulgaria Magazine article cover\"},{\"@type\":\"BreadcrumbList\",\"@id\":\"https:\/\/madamebulgaria.com\/centre-francophone-of-varna-events-january\/#breadcrumb\",\"itemListElement\":[{\"@type\":\"ListItem\",\"position\":1,\"name\":\"Accueil\",\"item\":\"https:\/\/madamebulgaria.com\/\"},{\"@type\":\"ListItem\",\"position\":2,\"name\":\"Centre Francophone of Varna : 3 Events To Do End Of January\"}]},{\"@type\":\"WebSite\",\"@id\":\"https:\/\/madamebulgaria.com\/#website\",\"url\":\"https:\/\/madamebulgaria.com\/\",\"name\":\"Madame Bulgaria\",\"description\":\"Lifestyle, Culture, Food, More of Bulgaria\",\"publisher\":{\"@id\":\"https:\/\/madamebulgaria.com\/#organization\"},\"potentialAction\":[{\"@type\":\"SearchAction\",\"target\":{\"@type\":\"EntryPoint\",\"urlTemplate\":\"https:\/\/madamebulgaria.com\/?s={search_term_string}\"},\"query-input\":{\"@type\":\"PropertyValueSpecification\",\"valueRequired\":true,\"valueName\":\"search_term_string\"}}],\"inLanguage\":\"es\"},{\"@type\":\"Organization\",\"@id\":\"https:\/\/madamebulgaria.com\/#organization\",\"name\":\"Madame Bulgaria\",\"url\":\"https:\/\/madamebulgaria.com\/\",\"logo\":{\"@type\":\"ImageObject\",\"inLanguage\":\"es\",\"@id\":\"https:\/\/madamebulgaria.com\/#\/schema\/logo\/image\/\",\"url\":\"https:\/\/madamebulgaria.com\/wp-content\/uploads\/2017\/03\/MB-logo-final-2-3-e1513170700381-1.png\",\"contentUrl\":\"https:\/\/madamebulgaria.com\/wp-content\/uploads\/2017\/03\/MB-logo-final-2-3-e1513170700381-1.png\",\"width\":800,\"height\":500,\"caption\":\"Madame Bulgaria\"},\"image\":{\"@id\":\"https:\/\/madamebulgaria.com\/#\/schema\/logo\/image\/\"},\"sameAs\":[\"https:\/\/www.facebook.com\/madamebulgaria\/?fref=ts\",\"https:\/\/x.com\/madamebulgaria\",\"https:\/\/www.instagram.com\/madamebulgaria\/?hl=fr\",\"https:\/\/www.linkedin.com\/company\/madame-bulgaria\/\",\"https:\/\/www.youtube.com\/channel\/UCi6lmnQoBJkA-eJ4ijysIog\"]},{\"@type\":\"Person\",\"@id\":\"https:\/\/madamebulgaria.com\/#\/schema\/person\/7aa9609fa82f4714913bbbe9ddfe51ad\",\"name\":\"Marie Pietrzak\",\"image\":{\"@type\":\"ImageObject\",\"inLanguage\":\"es\",\"@id\":\"https:\/\/madamebulgaria.com\/#\/schema\/person\/image\/\",\"url\":\"https:\/\/secure.gravatar.com\/avatar\/e35bc4fd544b40b988805cb9ff91fdcf13945dd539c8a524d3943cd648985d2c?s=96&d=mm&r=g\",\"contentUrl\":\"https:\/\/secure.gravatar.com\/avatar\/e35bc4fd544b40b988805cb9ff91fdcf13945dd539c8a524d3943cd648985d2c?s=96&d=mm&r=g\",\"caption\":\"Marie Pietrzak\"},\"description\":\"Marie is the founder of Madame Bulgaria. She fell in love with Bulgaria when she came for the first time for a weekend in 2012.\",\"sameAs\":[\"https:\/\/www.madamebulgaria.com\",\"https:\/\/www.facebook.com\/mariepieee?fref=ts\"],\"url\":\"https:\/\/madamebulgaria.com\/es\/author\/marie1606\/\"}]}<\/script>\n<!-- \/ Yoast SEO plugin. -->","yoast_head_json":{"title":"Centro Franc\u00f3fono de Varna : 3 eventos para finales de enero - Madame Bulgaria","description":"Descubra el programa de este fin de enero de eventos imperdibles organizados por el Centro Franc\u00f3fono de Varna en Bulgaria...","robots":{"index":"index","follow":"follow","max-snippet":"max-snippet:-1","max-image-preview":"max-image-preview:large","max-video-preview":"max-video-preview:-1"},"canonical":"https:\/\/madamebulgaria.com\/es\/centro-francofono-de-varna-eventos-enero\/","og_locale":"es_ES","og_type":"article","og_title":"Centre Francophone of Varna : 3 Events To Do End Of January &#8211; Madame Bulgaria","og_description":"Find the program of this end of January events not to be missed organized by the Centre Francophone of Varna in Bulgaria...","og_url":"https:\/\/madamebulgaria.com\/es\/centro-francofono-de-varna-eventos-enero\/","og_site_name":"Madame Bulgaria","article_publisher":"https:\/\/www.facebook.com\/madamebulgaria\/?fref=ts","article_author":"https:\/\/www.facebook.com\/mariepieee?fref=ts","article_published_time":"2018-01-22T09:56:27+00:00","article_modified_time":"2018-01-22T12:06:16+00:00","og_image":[{"width":1081,"height":600,"url":"https:\/\/madamebulgaria.com\/wp-content\/uploads\/2018\/01\/Centre-Francophone-of-Varna-Cov.png","type":"image\/png"}],"author":"Marie Pietrzak","twitter_card":"summary_large_image","twitter_creator":"@madamebulgaria","twitter_site":"@madamebulgaria","twitter_misc":{"Escrito por":"Marie Pietrzak","Tiempo de lectura":"2 minutos"},"schema":{"@context":"https:\/\/schema.org","@graph":[{"@type":"Article","@id":"https:\/\/madamebulgaria.com\/centre-francophone-of-varna-events-january\/#article","isPartOf":{"@id":"https:\/\/madamebulgaria.com\/centre-francophone-of-varna-events-january\/"},"author":{"name":"Marie Pietrzak","@id":"https:\/\/madamebulgaria.com\/#\/schema\/person\/7aa9609fa82f4714913bbbe9ddfe51ad"},"headline":"Centre Francophone of Varna : 3 Events To Do End Of January","datePublished":"2018-01-22T09:56:27+00:00","dateModified":"2018-01-22T12:06:16+00:00","mainEntityOfPage":{"@id":"https:\/\/madamebulgaria.com\/centre-francophone-of-varna-events-january\/"},"wordCount":401,"commentCount":0,"publisher":{"@id":"https:\/\/madamebulgaria.com\/#organization"},"image":{"@id":"https:\/\/madamebulgaria.com\/centre-francophone-of-varna-events-january\/#primaryimage"},"thumbnailUrl":"https:\/\/madamebulgaria.com\/wp-content\/uploads\/2018\/01\/Centre-Francophone-of-Varna-Cov.png","keywords":["Centre Francophone","culture","Events","Varna"],"articleSection":["Agenda","Varna"],"inLanguage":"es","potentialAction":[{"@type":"CommentAction","name":"Comment","target":["https:\/\/madamebulgaria.com\/centre-francophone-of-varna-events-january\/#respond"]}]},{"@type":"WebPage","@id":"https:\/\/madamebulgaria.com\/centre-francophone-of-varna-events-january\/","url":"https:\/\/madamebulgaria.com\/centre-francophone-of-varna-events-january\/","name":"Centro Franc\u00f3fono de Varna : 3 eventos para finales de enero - Madame Bulgaria","isPartOf":{"@id":"https:\/\/madamebulgaria.com\/#website"},"primaryImageOfPage":{"@id":"https:\/\/madamebulgaria.com\/centre-francophone-of-varna-events-january\/#primaryimage"},"image":{"@id":"https:\/\/madamebulgaria.com\/centre-francophone-of-varna-events-january\/#primaryimage"},"thumbnailUrl":"https:\/\/madamebulgaria.com\/wp-content\/uploads\/2018\/01\/Centre-Francophone-of-Varna-Cov.png","datePublished":"2018-01-22T09:56:27+00:00","dateModified":"2018-01-22T12:06:16+00:00","description":"Descubra el programa de este fin de enero de eventos imperdibles organizados por el Centro Franc\u00f3fono de Varna en Bulgaria...","breadcrumb":{"@id":"https:\/\/madamebulgaria.com\/centre-francophone-of-varna-events-january\/#breadcrumb"},"inLanguage":"es","potentialAction":[{"@type":"ReadAction","target":["https:\/\/madamebulgaria.com\/centre-francophone-of-varna-events-january\/"]}]},{"@type":"ImageObject","inLanguage":"es","@id":"https:\/\/madamebulgaria.com\/centre-francophone-of-varna-events-january\/#primaryimage","url":"https:\/\/madamebulgaria.com\/wp-content\/uploads\/2018\/01\/Centre-Francophone-of-Varna-Cov.png","contentUrl":"https:\/\/madamebulgaria.com\/wp-content\/uploads\/2018\/01\/Centre-Francophone-of-Varna-Cov.png","width":1081,"height":600,"caption":"Centre Francophone of Varna Madame Bulgaria Magazine article cover"},{"@type":"BreadcrumbList","@id":"https:\/\/madamebulgaria.com\/centre-francophone-of-varna-events-january\/#breadcrumb","itemListElement":[{"@type":"ListItem","position":1,"name":"Accueil","item":"https:\/\/madamebulgaria.com\/"},{"@type":"ListItem","position":2,"name":"Centre Francophone of Varna : 3 Events To Do End Of January"}]},{"@type":"WebSite","@id":"https:\/\/madamebulgaria.com\/#website","url":"https:\/\/madamebulgaria.com\/","name":"Se\u00f1ora Bulgaria","description":"Estilo de vida, Cultura, Gastronom\u00eda, M\u00e1s de Bulgaria","publisher":{"@id":"https:\/\/madamebulgaria.com\/#organization"},"potentialAction":[{"@type":"SearchAction","target":{"@type":"EntryPoint","urlTemplate":"https:\/\/madamebulgaria.com\/?s={search_term_string}"},"query-input":{"@type":"PropertyValueSpecification","valueRequired":true,"valueName":"search_term_string"}}],"inLanguage":"es"},{"@type":"Organization","@id":"https:\/\/madamebulgaria.com\/#organization","name":"Se\u00f1ora Bulgaria","url":"https:\/\/madamebulgaria.com\/","logo":{"@type":"ImageObject","inLanguage":"es","@id":"https:\/\/madamebulgaria.com\/#\/schema\/logo\/image\/","url":"https:\/\/madamebulgaria.com\/wp-content\/uploads\/2017\/03\/MB-logo-final-2-3-e1513170700381-1.png","contentUrl":"https:\/\/madamebulgaria.com\/wp-content\/uploads\/2017\/03\/MB-logo-final-2-3-e1513170700381-1.png","width":800,"height":500,"caption":"Madame Bulgaria"},"image":{"@id":"https:\/\/madamebulgaria.com\/#\/schema\/logo\/image\/"},"sameAs":["https:\/\/www.facebook.com\/madamebulgaria\/?fref=ts","https:\/\/x.com\/madamebulgaria","https:\/\/www.instagram.com\/madamebulgaria\/?hl=fr","https:\/\/www.linkedin.com\/company\/madame-bulgaria\/","https:\/\/www.youtube.com\/channel\/UCi6lmnQoBJkA-eJ4ijysIog"]},{"@type":"Person","@id":"https:\/\/madamebulgaria.com\/#\/schema\/person\/7aa9609fa82f4714913bbbe9ddfe51ad","name":"Marie Pietrzak","image":{"@type":"ImageObject","inLanguage":"es","@id":"https:\/\/madamebulgaria.com\/#\/schema\/person\/image\/","url":"https:\/\/secure.gravatar.com\/avatar\/e35bc4fd544b40b988805cb9ff91fdcf13945dd539c8a524d3943cd648985d2c?s=96&d=mm&r=g","contentUrl":"https:\/\/secure.gravatar.com\/avatar\/e35bc4fd544b40b988805cb9ff91fdcf13945dd539c8a524d3943cd648985d2c?s=96&d=mm&r=g","caption":"Marie Pietrzak"},"description":"Marie es la fundadora de Madame Bulgaria. Se enamor\u00f3 de Bulgaria cuando vino por primera vez a pasar un fin de semana en 2012.","sameAs":["https:\/\/www.madamebulgaria.com","https:\/\/www.facebook.com\/mariepieee?fref=ts"],"url":"https:\/\/madamebulgaria.com\/es\/author\/marie1606\/"}]}},"_links":{"self":[{"href":"https:\/\/madamebulgaria.com\/es\/wp-json\/wp\/v2\/posts\/11480","targetHints":{"allow":["GET"]}}],"collection":[{"href":"https:\/\/madamebulgaria.com\/es\/wp-json\/wp\/v2\/posts"}],"about":[{"href":"https:\/\/madamebulgaria.com\/es\/wp-json\/wp\/v2\/types\/post"}],"author":[{"embeddable":true,"href":"https:\/\/madamebulgaria.com\/es\/wp-json\/wp\/v2\/users\/1"}],"replies":[{"embeddable":true,"href":"https:\/\/madamebulgaria.com\/es\/wp-json\/wp\/v2\/comments?post=11480"}],"version-history":[{"count":0,"href":"https:\/\/madamebulgaria.com\/es\/wp-json\/wp\/v2\/posts\/11480\/revisions"}],"wp:featuredmedia":[{"embeddable":true,"href":"https:\/\/madamebulgaria.com\/es\/wp-json\/wp\/v2\/media\/11513"}],"wp:attachment":[{"href":"https:\/\/madamebulgaria.com\/es\/wp-json\/wp\/v2\/media?parent=11480"}],"wp:term":[{"taxonomy":"category","embeddable":true,"href":"https:\/\/madamebulgaria.com\/es\/wp-json\/wp\/v2\/categories?post=11480"},{"taxonomy":"post_tag","embeddable":true,"href":"https:\/\/madamebulgaria.com\/es\/wp-json\/wp\/v2\/tags?post=11480"},{"taxonomy":"thb-sponsors","embeddable":true,"href":"https:\/\/madamebulgaria.com\/es\/wp-json\/wp\/v2\/thb-sponsors?post=11480"}],"curies":[{"name":"wp","href":"https:\/\/api.w.org\/{rel}","templated":true}]}}