{"id":11480,"date":"2018-01-22T12:56:27","date_gmt":"2018-01-22T09:56:27","guid":{"rendered":"http:\/\/madamebulgaria.com\/?p=11480"},"modified":"2018-01-22T15:06:16","modified_gmt":"2018-01-22T12:06:16","slug":"centre-francophone-de-varna-evenements-janvier","status":"publish","type":"post","link":"https:\/\/madamebulgaria.com\/fr\/centre-francophone-de-varna-evenements-janvier\/","title":{"rendered":"Centre Francophone de Varna : 3 \u00e9v\u00e9nements \u00e0 faire fin janvier"},"content":{"rendered":"<h4>Tr\u00e8s actif dans la promotion de la culture fran\u00e7aise \u00e0 Varna, le Centre Francophone de Varna, dont l'une des activit\u00e9s est l'organisation d'une conf\u00e9rence de presse, a pour objectif de promouvoir la culture fran\u00e7aise \u00e0 Varna. <em>Alliance fran\u00e7aise<\/em>\u00a0et le <em>Institut Fran\u00e7ais<\/em> de Bulgarie \u00e0 Varna, organisent chaque semaine de nombreux rendez-vous culturels et amicaux. Quel est le programme pour cette fin de mois ?<\/h4>\n<h4><\/h4>\n<h5><\/h5>\n<p>&nbsp;<\/p>\n<h5>25-01-2018 : Breakwater Talks : English<\/h5>\n<figure id=\"attachment_11501\" aria-describedby=\"caption-attachment-11501\" style=\"width: 299px\" class=\"wp-caption aligncenter\"><img loading=\"lazy\" decoding=\"async\" class=\"wp-image-11501 lazyload\" src=\"data:image\/gif;base64,R0lGODlhAQABAAAAACH5BAEKAAEALAAAAAABAAEAAAICTAEAOw==\" data-src=\"http:\/\/madamebulgaria.com\/wp-content\/uploads\/2018\/01\/26731200_2041356019224648_7280483080134366989_n.jpg\" alt=\"Centre Francophone de Varna, Agenda Janvier\" width=\"299\" height=\"181\" data-sizes=\"auto\" data-srcset=\"https:\/\/madamebulgaria.com\/wp-content\/uploads\/2018\/01\/26731200_2041356019224648_7280483080134366989_n.jpg 567w, https:\/\/madamebulgaria.com\/wp-content\/uploads\/2018\/01\/26731200_2041356019224648_7280483080134366989_n-300x181.jpg 300w\" sizes=\"auto, (max-width: 299px) 100vw, 299px\" \/><figcaption id=\"caption-attachment-11501\" class=\"wp-caption-text\">@Centre Francophone de Varna<\/figcaption><\/figure>\n<p>Organis\u00e9 une fois par mois par le <a href=\"https:\/\/www.facebook.com\/CentreFrancophoneDeVarna\/\">Centre francophone de Varna<\/a>\u00a0et <a class=\"_64-f\" href=\"https:\/\/www.facebook.com\/amorphafoundation\/\">Fondation Amorpha pour la jeunesse<\/a><a class=\"_64-f\" href=\"https:\/\/www.facebook.com\/amorphafoundation\/\">n<\/a>, Pour ce nouveau rendez-vous, l'\u00e9v\u00e9nement Breakwater Talks se d\u00e9roulera en fran\u00e7ais et portera sur le th\u00e8me suivant<em> \u00ab Alliance fran\u00e7aise, bonjour ! L'Alliance fran\u00e7aise\u201d, avez-vous dit ? \u00bb.\u00a0<\/em>La pr\u00e9sentatrice sera Milena Angu\u00e9lova, directrice de l'Alliance fran\u00e7aise de Varna et le mod\u00e9rateur sera Eric Perrotel, charg\u00e9 de coop\u00e9ration pour le fran\u00e7ais, Institut fran\u00e7ais de Bulgarie - antenne de Varna \/<strong>\u00a0<\/strong>Date : Jeudi 25 janvier 2018 \/ Lieu : <a href=\"https:\/\/www.google.bg\/maps\/place\/ul.+%22Preslav%22+69,+9000+Varna+Center,+Varna\/@43.2030823,27.9109792,17z\/data=!3m1!4b1!4m5!3m4!1s0x40a453f46a4848dd:0x4d495307dd8bd7c9!8m2!3d43.2030823!4d27.9131679?dcr=0\">Centre francophone de Varna\/Alliance fran\u00e7aise de Varna<\/a>\u00a0(l'entr\u00e9e est dans la rue, derri\u00e8re la banque Soci\u00e9t\u00e9 G\u00e9n\u00e9rale) \/ Heure : 19h00 \/ Dur\u00e9e : 1h30.<\/p>\n<p><a href=\"https:\/\/www.facebook.com\/events\/280417952490151\/\">\u00c9v\u00e9nement Facebook<\/a><\/p>\n<h5><\/h5>\n<p>&nbsp;<\/p>\n<h5>26-01-2018 : Projection du film fran\u00e7ais \u201cGrand Central\u201d<\/h5>\n<figure id=\"attachment_11502\" aria-describedby=\"caption-attachment-11502\" style=\"width: 240px\" class=\"wp-caption aligncenter\"><img loading=\"lazy\" decoding=\"async\" class=\"wp-image-11502 lazyload\" src=\"data:image\/gif;base64,R0lGODlhAQABAAAAACH5BAEKAAEALAAAAAABAAEAAAICTAEAOw==\" data-src=\"http:\/\/madamebulgaria.com\/wp-content\/uploads\/2018\/01\/25348618_1996814003677005_4312913411034523020_n.jpg\" alt=\"Centre Francophone de Varna, Agenda Janvier\" width=\"240\" height=\"340\" data-sizes=\"auto\" data-srcset=\"https:\/\/madamebulgaria.com\/wp-content\/uploads\/2018\/01\/25348618_1996814003677005_4312913411034523020_n.jpg 679w, https:\/\/madamebulgaria.com\/wp-content\/uploads\/2018\/01\/25348618_1996814003677005_4312913411034523020_n-212x300.jpg 212w, https:\/\/madamebulgaria.com\/wp-content\/uploads\/2018\/01\/25348618_1996814003677005_4312913411034523020_n-600x848.jpg 600w\" sizes=\"auto, (max-width: 240px) 100vw, 240px\" \/><figcaption id=\"caption-attachment-11502\" class=\"wp-caption-text\">@Centre Francophone de Varna<\/figcaption><\/figure>\n<p>Organis\u00e9 une fois par semaine par le Centre Francophone de Varna, le Centre poursuit sa s\u00e9rie de projections jeunesse des films de l'apr\u00e8s-midi avec le film fran\u00e7ais \u201cGrand Central\u201d (2013) Avec Tahar Rahim, L\u00e9a Seydoux, Olivier Gourmet. Genre Romance, Drame\/ Date : Vendredi 26 janvier 2018 \/ Lieu : <a href=\"https:\/\/www.google.bg\/maps\/place\/\u0424\u0435\u0441\u0442\u0438\u0432\u0430\u043b\u0435\u043d+\u0438+\u043a\u043e\u043d\u0433\u0440\u0435\u0441\u0435\u043d+\u0446\u0435\u043d\u0442\u044a\u0440,+bul.+%22Slivnitsa%22+2,+9002+Varna+Center,+Varna\/@43.2044357,27.9200676,17z\/data=!3m1!4b1!4m5!3m4!1s0x40a454082769b64d:0xf2a4586f885083fd!8m2!3d43.2044547!4d27.9222847?dcr=0\">Centre des festivals et des congr\u00e8s de Varna<\/a> \/Heure : 15h00 \/ Dur\u00e9e : 1h35 \/ Le film est sous-titr\u00e9 en bulgare \/ Entr\u00e9e libre \/ Tout le monde est bienvenu.<\/p>\n<p><a href=\"https:\/\/www.facebook.com\/events\/174094643182997\/\">\u00c9v\u00e9nement Facebook\u00a0<\/a><\/p>\n<p>&nbsp;<\/p>\n<h5>31-01-2018 : Le 54\u00e8me Caf\u00e9 Polyglotte<\/h5>\n<figure id=\"attachment_11503\" aria-describedby=\"caption-attachment-11503\" style=\"width: 343px\" class=\"wp-caption aligncenter\"><img loading=\"lazy\" decoding=\"async\" class=\"wp-image-11503 lazyload\" src=\"data:image\/gif;base64,R0lGODlhAQABAAAAACH5BAEKAAEALAAAAAABAAEAAAICTAEAOw==\" data-src=\"http:\/\/madamebulgaria.com\/wp-content\/uploads\/2018\/01\/26112009_511028552602229_2195240313057063527_n.jpg\" alt=\"Centre Francophone de Varna, Agenda Janvier\" width=\"343\" height=\"193\" data-sizes=\"auto\" data-srcset=\"https:\/\/madamebulgaria.com\/wp-content\/uploads\/2018\/01\/26112009_511028552602229_2195240313057063527_n.jpg 960w, https:\/\/madamebulgaria.com\/wp-content\/uploads\/2018\/01\/26112009_511028552602229_2195240313057063527_n-300x169.jpg 300w, https:\/\/madamebulgaria.com\/wp-content\/uploads\/2018\/01\/26112009_511028552602229_2195240313057063527_n-768x432.jpg 768w, https:\/\/madamebulgaria.com\/wp-content\/uploads\/2018\/01\/26112009_511028552602229_2195240313057063527_n-600x338.jpg 600w\" sizes=\"auto, (max-width: 343px) 100vw, 343px\" \/><figcaption id=\"caption-attachment-11503\" class=\"wp-caption-text\">@Centre Francophone de Varna<\/figcaption><\/figure>\n<p>Organis\u00e9 une fois par mois par le Centre Francophone de Varna, le rendez-vous du Caf\u00e9 Polyglotte est un \u00e9v\u00e9nement tr\u00e8s convivial o\u00f9 l'on rencontre de nouvelles personnes dans une ambiance polyglotte : bulgare, fran\u00e7ais, anglais, allemand, etc. Voici notre <a href=\"http:\/\/madamebulgaria.com\/fr\/cafe-polyglotte-varna\/\">article<\/a> \u00e0 propos \/ Date : Mercredi 31 janvier \/ Lieu : <a href=\"https:\/\/www.google.bg\/maps?client=safari&amp;rls=en&amp;dcr=0&amp;q=27+Tzar+Simeon+I++Street,+Varna&amp;um=1&amp;ie=UTF-8&amp;sa=X&amp;ved=0ahUKEwiDq9OOsuvYAhVBOywKHdl7AHsQ_AUICigB\">Le Dolby Theatre<\/a>\u00a0\/ Heure : \u00e0 partir de 7h00 \/ Entr\u00e9e libre.<\/p>\n<p><a href=\"https:\/\/www.facebook.com\/events\/1974529089481810\/\">\u00c9v\u00e9nement Facebook<\/a><\/p>\n<p>&nbsp;<\/p>\n<p><em>Le magazine Madame Bulgarie est un partenariat du Centre Francophone de Varna, qui comprend l'antenne de l'Institut Fran\u00e7ais de Bulgarie \u00e0 Varna et l'Alliance Fran\u00e7aise de Varna. Le centre, tr\u00e8s engag\u00e9, promeut la langue et la culture fran\u00e7aises \u00e0 Varna \u00e0 travers les cours qu'il propose et les nombreux \u00e9v\u00e9nements culturels, dynamiques et conviviaux qu'il organise.<\/em><\/p>","protected":false},"excerpt":{"rendered":"<p>Tr\u00e8s actif pour promouvoir la culture fran\u00e7aise \u00e0 Varna, le Centre Francophone de Varna, incluant l'Alliance Fran\u00e7aise et l'Institut Fran\u00e7ais de Bulgarie \u00e0 Varna, organise chaque semaine de nombreux Rendez-vous culturels et conviviaux. Quel est le programme pour cette fin de mois ? 25-01-2018 : Breakwater Talks : Fran\u00e7ais Organis\u00e9 une fois par mois par l'Alliance...<\/p>","protected":false},"author":1,"featured_media":11513,"comment_status":"open","ping_status":"open","sticky":false,"template":"","format":"image","meta":{"footnotes":""},"categories":[462,465],"tags":[478,206,479,364],"thb-sponsors":[],"class_list":["post-11480","post","type-post","status-publish","format-image","has-post-thumbnail","hentry","category-agenda","category-varna","tag-centre-francophone","tag-culture","tag-events","tag-varna","post_format-post-format-image"],"yoast_head":"<!-- This site is optimized with the Yoast SEO plugin v27.1.1 - https:\/\/yoast.com\/product\/yoast-seo-wordpress\/ -->\n<title>Centre Francophone of Varna : 3 Events To Do End Of January &#8211; Madame Bulgaria<\/title>\n<meta name=\"description\" content=\"Find the program of this end of January events not to be missed organized by the Centre Francophone of Varna in Bulgaria...\" \/>\n<meta name=\"robots\" content=\"index, follow, max-snippet:-1, max-image-preview:large, max-video-preview:-1\" \/>\n<link rel=\"canonical\" href=\"https:\/\/madamebulgaria.com\/fr\/centre-francophone-de-varna-evenements-janvier\/\" \/>\n<meta property=\"og:locale\" content=\"fr_FR\" \/>\n<meta property=\"og:type\" content=\"article\" \/>\n<meta property=\"og:title\" content=\"Centre Francophone of Varna : 3 Events To Do End Of January &#8211; Madame Bulgaria\" \/>\n<meta property=\"og:description\" content=\"Find the program of this end of January events not to be missed organized by the Centre Francophone of Varna in Bulgaria...\" \/>\n<meta property=\"og:url\" content=\"https:\/\/madamebulgaria.com\/fr\/centre-francophone-de-varna-evenements-janvier\/\" \/>\n<meta property=\"og:site_name\" content=\"Madame Bulgaria\" \/>\n<meta property=\"article:publisher\" content=\"https:\/\/www.facebook.com\/madamebulgaria\/?fref=ts\" \/>\n<meta property=\"article:author\" content=\"https:\/\/www.facebook.com\/mariepieee?fref=ts\" \/>\n<meta property=\"article:published_time\" content=\"2018-01-22T09:56:27+00:00\" \/>\n<meta property=\"article:modified_time\" content=\"2018-01-22T12:06:16+00:00\" \/>\n<meta property=\"og:image\" content=\"https:\/\/madamebulgaria.com\/wp-content\/uploads\/2018\/01\/Centre-Francophone-of-Varna-Cov.png\" \/>\n\t<meta property=\"og:image:width\" content=\"1081\" \/>\n\t<meta property=\"og:image:height\" content=\"600\" \/>\n\t<meta property=\"og:image:type\" content=\"image\/png\" \/>\n<meta name=\"author\" content=\"Marie Pietrzak\" \/>\n<meta name=\"twitter:card\" content=\"summary_large_image\" \/>\n<meta name=\"twitter:creator\" content=\"@madamebulgaria\" \/>\n<meta name=\"twitter:site\" content=\"@madamebulgaria\" \/>\n<meta name=\"twitter:label1\" content=\"\u00c9crit par\" \/>\n\t<meta name=\"twitter:data1\" content=\"Marie Pietrzak\" \/>\n\t<meta name=\"twitter:label2\" content=\"Dur\u00e9e de lecture estim\u00e9e\" \/>\n\t<meta name=\"twitter:data2\" content=\"2 minutes\" \/>\n<script type=\"application\/ld+json\" class=\"yoast-schema-graph\">{\"@context\":\"https:\/\/schema.org\",\"@graph\":[{\"@type\":\"Article\",\"@id\":\"https:\/\/madamebulgaria.com\/centre-francophone-of-varna-events-january\/#article\",\"isPartOf\":{\"@id\":\"https:\/\/madamebulgaria.com\/centre-francophone-of-varna-events-january\/\"},\"author\":{\"name\":\"Marie Pietrzak\",\"@id\":\"https:\/\/madamebulgaria.com\/#\/schema\/person\/7aa9609fa82f4714913bbbe9ddfe51ad\"},\"headline\":\"Centre Francophone of Varna : 3 Events To Do End Of January\",\"datePublished\":\"2018-01-22T09:56:27+00:00\",\"dateModified\":\"2018-01-22T12:06:16+00:00\",\"mainEntityOfPage\":{\"@id\":\"https:\/\/madamebulgaria.com\/centre-francophone-of-varna-events-january\/\"},\"wordCount\":401,\"commentCount\":0,\"publisher\":{\"@id\":\"https:\/\/madamebulgaria.com\/#organization\"},\"image\":{\"@id\":\"https:\/\/madamebulgaria.com\/centre-francophone-of-varna-events-january\/#primaryimage\"},\"thumbnailUrl\":\"https:\/\/madamebulgaria.com\/wp-content\/uploads\/2018\/01\/Centre-Francophone-of-Varna-Cov.png\",\"keywords\":[\"Centre Francophone\",\"culture\",\"Events\",\"Varna\"],\"articleSection\":[\"Agenda\",\"Varna\"],\"inLanguage\":\"fr-FR\",\"potentialAction\":[{\"@type\":\"CommentAction\",\"name\":\"Comment\",\"target\":[\"https:\/\/madamebulgaria.com\/centre-francophone-of-varna-events-january\/#respond\"]}]},{\"@type\":\"WebPage\",\"@id\":\"https:\/\/madamebulgaria.com\/centre-francophone-of-varna-events-january\/\",\"url\":\"https:\/\/madamebulgaria.com\/centre-francophone-of-varna-events-january\/\",\"name\":\"Centre Francophone of Varna : 3 Events To Do End Of January &#8211; Madame Bulgaria\",\"isPartOf\":{\"@id\":\"https:\/\/madamebulgaria.com\/#website\"},\"primaryImageOfPage\":{\"@id\":\"https:\/\/madamebulgaria.com\/centre-francophone-of-varna-events-january\/#primaryimage\"},\"image\":{\"@id\":\"https:\/\/madamebulgaria.com\/centre-francophone-of-varna-events-january\/#primaryimage\"},\"thumbnailUrl\":\"https:\/\/madamebulgaria.com\/wp-content\/uploads\/2018\/01\/Centre-Francophone-of-Varna-Cov.png\",\"datePublished\":\"2018-01-22T09:56:27+00:00\",\"dateModified\":\"2018-01-22T12:06:16+00:00\",\"description\":\"Find the program of this end of January events not to be missed organized by the Centre Francophone of Varna in Bulgaria...\",\"breadcrumb\":{\"@id\":\"https:\/\/madamebulgaria.com\/centre-francophone-of-varna-events-january\/#breadcrumb\"},\"inLanguage\":\"fr-FR\",\"potentialAction\":[{\"@type\":\"ReadAction\",\"target\":[\"https:\/\/madamebulgaria.com\/centre-francophone-of-varna-events-january\/\"]}]},{\"@type\":\"ImageObject\",\"inLanguage\":\"fr-FR\",\"@id\":\"https:\/\/madamebulgaria.com\/centre-francophone-of-varna-events-january\/#primaryimage\",\"url\":\"https:\/\/madamebulgaria.com\/wp-content\/uploads\/2018\/01\/Centre-Francophone-of-Varna-Cov.png\",\"contentUrl\":\"https:\/\/madamebulgaria.com\/wp-content\/uploads\/2018\/01\/Centre-Francophone-of-Varna-Cov.png\",\"width\":1081,\"height\":600,\"caption\":\"Centre Francophone of Varna Madame Bulgaria Magazine article cover\"},{\"@type\":\"BreadcrumbList\",\"@id\":\"https:\/\/madamebulgaria.com\/centre-francophone-of-varna-events-january\/#breadcrumb\",\"itemListElement\":[{\"@type\":\"ListItem\",\"position\":1,\"name\":\"Accueil\",\"item\":\"https:\/\/madamebulgaria.com\/\"},{\"@type\":\"ListItem\",\"position\":2,\"name\":\"Centre Francophone of Varna : 3 Events To Do End Of January\"}]},{\"@type\":\"WebSite\",\"@id\":\"https:\/\/madamebulgaria.com\/#website\",\"url\":\"https:\/\/madamebulgaria.com\/\",\"name\":\"Madame Bulgaria\",\"description\":\"Lifestyle, Culture, Food, More of Bulgaria\",\"publisher\":{\"@id\":\"https:\/\/madamebulgaria.com\/#organization\"},\"potentialAction\":[{\"@type\":\"SearchAction\",\"target\":{\"@type\":\"EntryPoint\",\"urlTemplate\":\"https:\/\/madamebulgaria.com\/?s={search_term_string}\"},\"query-input\":{\"@type\":\"PropertyValueSpecification\",\"valueRequired\":true,\"valueName\":\"search_term_string\"}}],\"inLanguage\":\"fr-FR\"},{\"@type\":\"Organization\",\"@id\":\"https:\/\/madamebulgaria.com\/#organization\",\"name\":\"Madame Bulgaria\",\"url\":\"https:\/\/madamebulgaria.com\/\",\"logo\":{\"@type\":\"ImageObject\",\"inLanguage\":\"fr-FR\",\"@id\":\"https:\/\/madamebulgaria.com\/#\/schema\/logo\/image\/\",\"url\":\"https:\/\/madamebulgaria.com\/wp-content\/uploads\/2017\/03\/MB-logo-final-2-3-e1513170700381-1.png\",\"contentUrl\":\"https:\/\/madamebulgaria.com\/wp-content\/uploads\/2017\/03\/MB-logo-final-2-3-e1513170700381-1.png\",\"width\":800,\"height\":500,\"caption\":\"Madame Bulgaria\"},\"image\":{\"@id\":\"https:\/\/madamebulgaria.com\/#\/schema\/logo\/image\/\"},\"sameAs\":[\"https:\/\/www.facebook.com\/madamebulgaria\/?fref=ts\",\"https:\/\/x.com\/madamebulgaria\",\"https:\/\/www.instagram.com\/madamebulgaria\/?hl=fr\",\"https:\/\/www.linkedin.com\/company\/madame-bulgaria\/\",\"https:\/\/www.youtube.com\/channel\/UCi6lmnQoBJkA-eJ4ijysIog\"]},{\"@type\":\"Person\",\"@id\":\"https:\/\/madamebulgaria.com\/#\/schema\/person\/7aa9609fa82f4714913bbbe9ddfe51ad\",\"name\":\"Marie Pietrzak\",\"image\":{\"@type\":\"ImageObject\",\"inLanguage\":\"fr-FR\",\"@id\":\"https:\/\/madamebulgaria.com\/#\/schema\/person\/image\/\",\"url\":\"https:\/\/secure.gravatar.com\/avatar\/e35bc4fd544b40b988805cb9ff91fdcf13945dd539c8a524d3943cd648985d2c?s=96&d=mm&r=g\",\"contentUrl\":\"https:\/\/secure.gravatar.com\/avatar\/e35bc4fd544b40b988805cb9ff91fdcf13945dd539c8a524d3943cd648985d2c?s=96&d=mm&r=g\",\"caption\":\"Marie Pietrzak\"},\"description\":\"Marie is the founder of Madame Bulgaria. She fell in love with Bulgaria when she came for the first time for a weekend in 2012.\",\"sameAs\":[\"https:\/\/www.madamebulgaria.com\",\"https:\/\/www.facebook.com\/mariepieee?fref=ts\"],\"url\":\"https:\/\/madamebulgaria.com\/fr\/author\/marie1606\/\"}]}<\/script>\n<!-- \/ Yoast SEO plugin. -->","yoast_head_json":{"title":"Centre Francophone de Varna : 3 \u00e9v\u00e9nements \u00e0 faire fin janvier - Madame Bulgaria","description":"Retrouvez le programme de cette fin janvier des \u00e9v\u00e9nements \u00e0 ne pas manquer organis\u00e9s par le Centre Francophone de Varna en Bulgarie...","robots":{"index":"index","follow":"follow","max-snippet":"max-snippet:-1","max-image-preview":"max-image-preview:large","max-video-preview":"max-video-preview:-1"},"canonical":"https:\/\/madamebulgaria.com\/fr\/centre-francophone-de-varna-evenements-janvier\/","og_locale":"fr_FR","og_type":"article","og_title":"Centre Francophone of Varna : 3 Events To Do End Of January &#8211; Madame Bulgaria","og_description":"Find the program of this end of January events not to be missed organized by the Centre Francophone of Varna in Bulgaria...","og_url":"https:\/\/madamebulgaria.com\/fr\/centre-francophone-de-varna-evenements-janvier\/","og_site_name":"Madame Bulgaria","article_publisher":"https:\/\/www.facebook.com\/madamebulgaria\/?fref=ts","article_author":"https:\/\/www.facebook.com\/mariepieee?fref=ts","article_published_time":"2018-01-22T09:56:27+00:00","article_modified_time":"2018-01-22T12:06:16+00:00","og_image":[{"width":1081,"height":600,"url":"https:\/\/madamebulgaria.com\/wp-content\/uploads\/2018\/01\/Centre-Francophone-of-Varna-Cov.png","type":"image\/png"}],"author":"Marie Pietrzak","twitter_card":"summary_large_image","twitter_creator":"@madamebulgaria","twitter_site":"@madamebulgaria","twitter_misc":{"\u00c9crit par":"Marie Pietrzak","Dur\u00e9e de lecture estim\u00e9e":"2 minutes"},"schema":{"@context":"https:\/\/schema.org","@graph":[{"@type":"Article","@id":"https:\/\/madamebulgaria.com\/centre-francophone-of-varna-events-january\/#article","isPartOf":{"@id":"https:\/\/madamebulgaria.com\/centre-francophone-of-varna-events-january\/"},"author":{"name":"Marie Pietrzak","@id":"https:\/\/madamebulgaria.com\/#\/schema\/person\/7aa9609fa82f4714913bbbe9ddfe51ad"},"headline":"Centre Francophone of Varna : 3 Events To Do End Of January","datePublished":"2018-01-22T09:56:27+00:00","dateModified":"2018-01-22T12:06:16+00:00","mainEntityOfPage":{"@id":"https:\/\/madamebulgaria.com\/centre-francophone-of-varna-events-january\/"},"wordCount":401,"commentCount":0,"publisher":{"@id":"https:\/\/madamebulgaria.com\/#organization"},"image":{"@id":"https:\/\/madamebulgaria.com\/centre-francophone-of-varna-events-january\/#primaryimage"},"thumbnailUrl":"https:\/\/madamebulgaria.com\/wp-content\/uploads\/2018\/01\/Centre-Francophone-of-Varna-Cov.png","keywords":["Centre Francophone","culture","Events","Varna"],"articleSection":["Agenda","Varna"],"inLanguage":"fr-FR","potentialAction":[{"@type":"CommentAction","name":"Comment","target":["https:\/\/madamebulgaria.com\/centre-francophone-of-varna-events-january\/#respond"]}]},{"@type":"WebPage","@id":"https:\/\/madamebulgaria.com\/centre-francophone-of-varna-events-january\/","url":"https:\/\/madamebulgaria.com\/centre-francophone-of-varna-events-january\/","name":"Centre Francophone de Varna : 3 \u00e9v\u00e9nements \u00e0 faire fin janvier - Madame Bulgaria","isPartOf":{"@id":"https:\/\/madamebulgaria.com\/#website"},"primaryImageOfPage":{"@id":"https:\/\/madamebulgaria.com\/centre-francophone-of-varna-events-january\/#primaryimage"},"image":{"@id":"https:\/\/madamebulgaria.com\/centre-francophone-of-varna-events-january\/#primaryimage"},"thumbnailUrl":"https:\/\/madamebulgaria.com\/wp-content\/uploads\/2018\/01\/Centre-Francophone-of-Varna-Cov.png","datePublished":"2018-01-22T09:56:27+00:00","dateModified":"2018-01-22T12:06:16+00:00","description":"Retrouvez le programme de cette fin janvier des \u00e9v\u00e9nements \u00e0 ne pas manquer organis\u00e9s par le Centre Francophone de Varna en Bulgarie...","breadcrumb":{"@id":"https:\/\/madamebulgaria.com\/centre-francophone-of-varna-events-january\/#breadcrumb"},"inLanguage":"fr-FR","potentialAction":[{"@type":"ReadAction","target":["https:\/\/madamebulgaria.com\/centre-francophone-of-varna-events-january\/"]}]},{"@type":"ImageObject","inLanguage":"fr-FR","@id":"https:\/\/madamebulgaria.com\/centre-francophone-of-varna-events-january\/#primaryimage","url":"https:\/\/madamebulgaria.com\/wp-content\/uploads\/2018\/01\/Centre-Francophone-of-Varna-Cov.png","contentUrl":"https:\/\/madamebulgaria.com\/wp-content\/uploads\/2018\/01\/Centre-Francophone-of-Varna-Cov.png","width":1081,"height":600,"caption":"Centre Francophone of Varna Madame Bulgaria Magazine article cover"},{"@type":"BreadcrumbList","@id":"https:\/\/madamebulgaria.com\/centre-francophone-of-varna-events-january\/#breadcrumb","itemListElement":[{"@type":"ListItem","position":1,"name":"Accueil","item":"https:\/\/madamebulgaria.com\/"},{"@type":"ListItem","position":2,"name":"Centre Francophone of Varna : 3 Events To Do End Of January"}]},{"@type":"WebSite","@id":"https:\/\/madamebulgaria.com\/#website","url":"https:\/\/madamebulgaria.com\/","name":"Madame Bulgarie","description":"Mode de vie, culture, alimentation, plus de Bulgarie","publisher":{"@id":"https:\/\/madamebulgaria.com\/#organization"},"potentialAction":[{"@type":"SearchAction","target":{"@type":"EntryPoint","urlTemplate":"https:\/\/madamebulgaria.com\/?s={search_term_string}"},"query-input":{"@type":"PropertyValueSpecification","valueRequired":true,"valueName":"search_term_string"}}],"inLanguage":"fr-FR"},{"@type":"Organization","@id":"https:\/\/madamebulgaria.com\/#organization","name":"Madame Bulgarie","url":"https:\/\/madamebulgaria.com\/","logo":{"@type":"ImageObject","inLanguage":"fr-FR","@id":"https:\/\/madamebulgaria.com\/#\/schema\/logo\/image\/","url":"https:\/\/madamebulgaria.com\/wp-content\/uploads\/2017\/03\/MB-logo-final-2-3-e1513170700381-1.png","contentUrl":"https:\/\/madamebulgaria.com\/wp-content\/uploads\/2017\/03\/MB-logo-final-2-3-e1513170700381-1.png","width":800,"height":500,"caption":"Madame Bulgaria"},"image":{"@id":"https:\/\/madamebulgaria.com\/#\/schema\/logo\/image\/"},"sameAs":["https:\/\/www.facebook.com\/madamebulgaria\/?fref=ts","https:\/\/x.com\/madamebulgaria","https:\/\/www.instagram.com\/madamebulgaria\/?hl=fr","https:\/\/www.linkedin.com\/company\/madame-bulgaria\/","https:\/\/www.youtube.com\/channel\/UCi6lmnQoBJkA-eJ4ijysIog"]},{"@type":"Person","@id":"https:\/\/madamebulgaria.com\/#\/schema\/person\/7aa9609fa82f4714913bbbe9ddfe51ad","name":"Marie Pietrzak","image":{"@type":"ImageObject","inLanguage":"fr-FR","@id":"https:\/\/madamebulgaria.com\/#\/schema\/person\/image\/","url":"https:\/\/secure.gravatar.com\/avatar\/e35bc4fd544b40b988805cb9ff91fdcf13945dd539c8a524d3943cd648985d2c?s=96&d=mm&r=g","contentUrl":"https:\/\/secure.gravatar.com\/avatar\/e35bc4fd544b40b988805cb9ff91fdcf13945dd539c8a524d3943cd648985d2c?s=96&d=mm&r=g","caption":"Marie Pietrzak"},"description":"Marie est la fondatrice de Madame Bulgaria. Elle est tomb\u00e9e amoureuse de la Bulgarie lorsqu'elle y est venue pour la premi\u00e8re fois pour un week-end en 2012.","sameAs":["https:\/\/www.madamebulgaria.com","https:\/\/www.facebook.com\/mariepieee?fref=ts"],"url":"https:\/\/madamebulgaria.com\/fr\/author\/marie1606\/"}]}},"_links":{"self":[{"href":"https:\/\/madamebulgaria.com\/fr\/wp-json\/wp\/v2\/posts\/11480","targetHints":{"allow":["GET"]}}],"collection":[{"href":"https:\/\/madamebulgaria.com\/fr\/wp-json\/wp\/v2\/posts"}],"about":[{"href":"https:\/\/madamebulgaria.com\/fr\/wp-json\/wp\/v2\/types\/post"}],"author":[{"embeddable":true,"href":"https:\/\/madamebulgaria.com\/fr\/wp-json\/wp\/v2\/users\/1"}],"replies":[{"embeddable":true,"href":"https:\/\/madamebulgaria.com\/fr\/wp-json\/wp\/v2\/comments?post=11480"}],"version-history":[{"count":0,"href":"https:\/\/madamebulgaria.com\/fr\/wp-json\/wp\/v2\/posts\/11480\/revisions"}],"wp:featuredmedia":[{"embeddable":true,"href":"https:\/\/madamebulgaria.com\/fr\/wp-json\/wp\/v2\/media\/11513"}],"wp:attachment":[{"href":"https:\/\/madamebulgaria.com\/fr\/wp-json\/wp\/v2\/media?parent=11480"}],"wp:term":[{"taxonomy":"category","embeddable":true,"href":"https:\/\/madamebulgaria.com\/fr\/wp-json\/wp\/v2\/categories?post=11480"},{"taxonomy":"post_tag","embeddable":true,"href":"https:\/\/madamebulgaria.com\/fr\/wp-json\/wp\/v2\/tags?post=11480"},{"taxonomy":"thb-sponsors","embeddable":true,"href":"https:\/\/madamebulgaria.com\/fr\/wp-json\/wp\/v2\/thb-sponsors?post=11480"}],"curies":[{"name":"wp","href":"https:\/\/api.w.org\/{rel}","templated":true}]}}