{"id":11744,"date":"2018-03-16T11:18:29","date_gmt":"2018-03-16T08:18:29","guid":{"rendered":"http:\/\/madamebulgaria.com\/?p=11744"},"modified":"2018-03-18T21:33:33","modified_gmt":"2018-03-18T18:33:33","slug":"interview-de-sylvie-vartan","status":"publish","type":"post","link":"https:\/\/madamebulgaria.com\/fr\/interview-de-sylvie-vartan\/","title":{"rendered":"Interview de Sylvie Vartan pour Madame Bulgaria"},"content":{"rendered":"<h4>Sylvie Vartan dira au revoir \u00e0 ses fans bulgares lors de sa tourn\u00e9e d'adieux \u201cForever Sylvie\u201d, \u00e0 Varna et Sofia, les 19 et 21 avril prochains.\u00a0<span lang=\"en\">Nous avons eu la chance d'interviewer la c\u00e9l\u00e8bre star. Voici ses r\u00e9ponses \u00e0 nos questions.<\/span><\/h4>\n<p><b>Sylvie Vartan, comment vous sentez-vous aujourd'hui, \u00e0 quelques semaines de votre retour dans l'Union europ\u00e9enne ?\u00a0<\/b><b>La sc\u00e8ne bulgare dans le cadre de votre tourn\u00e9e d'adieu ?<\/b><\/p>\n<p><strong>SV :<\/strong> C'est toujours une grande \u00e9motion pour moi de retourner en Bulgarie, car beaucoup de souvenirs agr\u00e9ables et tendres me reviennent.<\/p>\n<p><strong>Quel mot choisiriez-vous pour qualifier votre public bulgare ?<\/strong><\/p>\n<p><strong>SV :<\/strong> C'est comme ma famille.<\/p>\n<p><strong>Depuis votre premier retour en Bulgarie en 1990, apr\u00e8s la chute de l'Union sovi\u00e9tique, vous n'avez cess\u00e9 de vous rendre en Bulgarie.<\/strong><br \/>\n<strong> wall, avez-vous observ\u00e9 des changements en Bulgarie ? Comment voyez-vous l'avenir de la<\/strong><br \/>\n<strong> votre pays d'origine ?<\/strong><\/p>\n<p><strong>S.V.<\/strong> : Le pays s'est ouvert. On voit s'ouvrir des magasins de marques occidentales, comme en France.<\/p>\n<figure id=\"attachment_11766\" aria-describedby=\"caption-attachment-11766\" style=\"width: 800px\" class=\"wp-caption aligncenter\"><img loading=\"lazy\" decoding=\"async\" class=\"size-full wp-image-11766 lazyload\" src=\"data:image\/gif;base64,R0lGODlhAQABAAAAACH5BAEKAAEALAAAAAABAAEAAAICTAEAOw==\" data-src=\"http:\/\/madamebulgaria.com\/wp-content\/uploads\/2018\/03\/Sylvie-Vartan_2-2.jpg\" alt=\"Sylvie Vartan\" width=\"800\" height=\"533\" data-sizes=\"auto\" data-srcset=\"https:\/\/madamebulgaria.com\/wp-content\/uploads\/2018\/03\/Sylvie-Vartan_2-2.jpg 800w, https:\/\/madamebulgaria.com\/wp-content\/uploads\/2018\/03\/Sylvie-Vartan_2-2-300x200.jpg 300w, https:\/\/madamebulgaria.com\/wp-content\/uploads\/2018\/03\/Sylvie-Vartan_2-2-768x512.jpg 768w, https:\/\/madamebulgaria.com\/wp-content\/uploads\/2018\/03\/Sylvie-Vartan_2-2-600x400.jpg 600w\" sizes=\"auto, (max-width: 800px) 100vw, 800px\" \/><figcaption id=\"caption-attachment-11766\" class=\"wp-caption-text\">@ Official Sylvie Vartan : Tourn\u00e9e symphonique - Et\u00e9 2013<\/figcaption><\/figure>\n<p><strong>L'autobiographe Lionet Duroy qui \u00e9crira avec vous l'autobiographie \u201c<\/strong><strong>Mum\u201d en 2004, un livre en hommage \u00e0 votre m\u00e8re IIona Mayer, dira de vous : <em>\u201d Elle n'a rien \u00e0 faire \u00e0 Los Angeles, d\u00e9j\u00e0 \u00e0 Paris c'\u00e9tait un peu compliqu\u00e9. Sa vie \u00e9tait \u00e0 Sofia avec ses grands-parents (...). Sylvie est une exil\u00e9e, et c'est pour \u00e7a que son premier retour \u00e0 Sofia a \u00e9t\u00e9 un choc\u201d.<\/em> Avez-vous d\u00e9j\u00e0 song\u00e9 \u00e0 retourner vivre en Bulgarie ?<\/strong><\/p>\n<p><strong>S.V.<\/strong> : Ma vie et ma carri\u00e8re se d\u00e9roulent principalement en France. La Bulgarie reste pour moi le pays de mon enfance et de la nostalgie.<\/p>\n<p><strong> Vous arrive-t-il de cuisiner en bulgare ?<\/strong><\/p>\n<p><span style=\"color: #808080;\"><em>Personnellement, nous cuisinons beaucoup de Guvetche et nous offrons des Guvetches \u00e0 toute notre famille en France, elle adore.<\/em><\/span><\/p>\n<p><strong>S.V.<\/strong> : Bien s\u00fbr. J'ai m\u00eame d\u00e9j\u00e0 converti beaucoup de mes amis fran\u00e7ais et am\u00e9ricains \u00e0 la cuisine bulgare. J'aime beaucoup cuisiner et la moussaka et la guetche sont mes plats pr\u00e9f\u00e9r\u00e9s.<\/p>\n<p><strong>Tr\u00e8s attach\u00e9e \u00e0 votre pays d'origine, vous avez adopt\u00e9 une fille, Darina, avec votre mari Tony Scotti, il y a 20 ans, en Bulgarie. L'avez-vous initi\u00e9e \u00e0 votre langue maternelle ? Est-elle d\u00e9j\u00e0 retourn\u00e9e en Bulgarie ?<\/strong><\/p>\n<p><strong>S.V.<\/strong>\u00a0: Je ne ma\u00eetrise pas suffisamment la langue bulgare pour la lui enseigner. Nous pr\u00e9voyons un voyage prochainement.<\/p>\n<p><strong>Avec le soutien de votre fr\u00e8re Eddie, vous avez cr\u00e9\u00e9 en 1990 l\u201c\u201dAssociation Sylvie Vartan pour la Bulgarie\", qui vient en aide aux enfants bulgares orphelins dans le besoin. Votre engagement est grand et reconnu. Vous souhaitez vous impliquer encore davantage ? <\/strong><strong>pour le pays ?<\/strong><\/p>\n<p><strong>S.V.\u00a0<\/strong>: Madame Teoharova qui est la vice-pr\u00e9sidente de mon association me soumet r\u00e9guli\u00e8rement des demandes d'aide dans le domaine de la culture. Ainsi, nous pouvons participer \u00e0 la r\u00e9fection d'ic\u00f4nes au Mus\u00e9e de Sofia ainsi qu'\u00e0 des travaux au Monast\u00e8re de Dragalevski.<\/p>\n<p><strong>C'est votre tourn\u00e9e d'adieu. Quels sont vos projets futurs ? A quoi r\u00eavez-vous aujourd'hui ?<\/strong><\/p>\n<p><strong>S.V.\u00a0<\/strong>: Mon prochain concert aura lieu le 16 mars au Grand Rex \u00e0 Paris, apr\u00e8s des dates en Russie, au Japon, en Belgique, en Espagne et en Italie. Je r\u00eave toujours d'un s\u00e9jour tranquille \u00e0 la montagne.<\/p>\n<p>Merci Sylvie Vartan.<\/p>\n<p>&nbsp;<\/p>\n<p><em>Texte traduit du fran\u00e7ais \u00e0 l'anglais. Photo de couverture : Official Sylvie Vartan - Folies Berg\u00e8re Concert, France (2014)<\/em><\/p>\n<p>En savoir plus sur la <a href=\"http:\/\/madamebulgaria.com\/fr\/sylvie-vartan-farewell-tour-bulgaria-2018\/\">Tourn\u00e9e d'adieux \u201cForever Sylvie\u201d.<\/a><\/p>\n<p>Achetez votre billet <a href=\"https:\/\/www.facebook.com\/events\/145629102910871\/\">ici<\/a>.<\/p>\n<p>&nbsp;<\/p>\n<h4><\/h4>","protected":false},"excerpt":{"rendered":"<p>Sylvie Vartan dira au revoir \u00e0 ses fans bulgares lors de sa tourn\u00e9e d'adieux \u201cForever Sylvie\u201d, \u00e0 Varna et Sofia, les 19 et 21 avril prochains. Nous avons eu la chance d'interviewer la c\u00e9l\u00e8bre star. Voici ses r\u00e9ponses \u00e0 nos questions. Sylvie Vartan, comment vous sentez-vous aujourd'hui, \u00e0 quelques semaines de votre retour sur la sc\u00e8ne bulgare ?<\/p>","protected":false},"author":1,"featured_media":11763,"comment_status":"open","ping_status":"open","sticky":false,"template":"","format":"image","meta":{"footnotes":""},"categories":[264],"tags":[497,491,170,496,99,498,489,364],"thb-sponsors":[],"class_list":["post-11744","post","type-post","status-publish","format-image","has-post-thumbnail","hentry","category-people","tag-agenda","tag-concert","tag-interview","tag-show","tag-sofia","tag-star","tag-sylvie-vartan","tag-varna","post_format-post-format-image"],"yoast_head":"<!-- This site is optimized with the Yoast SEO plugin v27.1.1 - https:\/\/yoast.com\/product\/yoast-seo-wordpress\/ -->\n<title>Sylvie Vartan&#039;s Interview For Madame Bulgaria &#8211; Madame Bulgaria<\/title>\n<meta name=\"description\" content=\"Sylvie Vartan will be\u00a0in Varna and Sofia,\u00a0on next April 19 and 21th, for a farewells tour \u201cForever Sylvie\u201d. We had the chance to interview her. Here are her answers to our questions...\" \/>\n<meta name=\"robots\" content=\"index, follow, max-snippet:-1, max-image-preview:large, max-video-preview:-1\" \/>\n<link rel=\"canonical\" href=\"https:\/\/madamebulgaria.com\/fr\/interview-de-sylvie-vartan\/\" \/>\n<meta property=\"og:locale\" content=\"fr_FR\" \/>\n<meta property=\"og:type\" content=\"article\" \/>\n<meta property=\"og:title\" content=\"Sylvie Vartan&#039;s Interview For Madame Bulgaria &#8211; Madame Bulgaria\" \/>\n<meta property=\"og:description\" content=\"Sylvie Vartan will be\u00a0in Varna and Sofia,\u00a0on next April 19 and 21th, for a farewells tour \u201cForever Sylvie\u201d. We had the chance to interview her. Here are her answers to our questions...\" \/>\n<meta property=\"og:url\" content=\"https:\/\/madamebulgaria.com\/fr\/interview-de-sylvie-vartan\/\" \/>\n<meta property=\"og:site_name\" content=\"Madame Bulgaria\" \/>\n<meta property=\"article:publisher\" content=\"https:\/\/www.facebook.com\/madamebulgaria\/?fref=ts\" \/>\n<meta property=\"article:author\" content=\"https:\/\/www.facebook.com\/mariepieee?fref=ts\" \/>\n<meta property=\"article:published_time\" content=\"2018-03-16T08:18:29+00:00\" \/>\n<meta property=\"article:modified_time\" content=\"2018-03-18T18:33:33+00:00\" \/>\n<meta property=\"og:image\" content=\"https:\/\/madamebulgaria.com\/wp-content\/uploads\/2018\/03\/Sylvie-Vartan-Interview-final.jpg\" \/>\n\t<meta property=\"og:image:width\" content=\"1081\" \/>\n\t<meta property=\"og:image:height\" content=\"720\" \/>\n\t<meta property=\"og:image:type\" content=\"image\/jpeg\" \/>\n<meta name=\"author\" content=\"Marie Pietrzak\" \/>\n<meta name=\"twitter:card\" content=\"summary_large_image\" \/>\n<meta name=\"twitter:creator\" content=\"@madamebulgaria\" \/>\n<meta name=\"twitter:site\" content=\"@madamebulgaria\" \/>\n<meta name=\"twitter:label1\" content=\"\u00c9crit par\" \/>\n\t<meta name=\"twitter:data1\" content=\"Marie Pietrzak\" \/>\n\t<meta name=\"twitter:label2\" content=\"Dur\u00e9e de lecture estim\u00e9e\" \/>\n\t<meta name=\"twitter:data2\" content=\"3 minutes\" \/>\n<script type=\"application\/ld+json\" class=\"yoast-schema-graph\">{\"@context\":\"https:\/\/schema.org\",\"@graph\":[{\"@type\":\"Article\",\"@id\":\"https:\/\/madamebulgaria.com\/sylvie-vartan-interview\/#article\",\"isPartOf\":{\"@id\":\"https:\/\/madamebulgaria.com\/sylvie-vartan-interview\/\"},\"author\":{\"name\":\"Marie Pietrzak\",\"@id\":\"https:\/\/madamebulgaria.com\/#\/schema\/person\/7aa9609fa82f4714913bbbe9ddfe51ad\"},\"headline\":\"Sylvie Vartan&#8217;s Interview For Madame Bulgaria\",\"datePublished\":\"2018-03-16T08:18:29+00:00\",\"dateModified\":\"2018-03-18T18:33:33+00:00\",\"mainEntityOfPage\":{\"@id\":\"https:\/\/madamebulgaria.com\/sylvie-vartan-interview\/\"},\"wordCount\":560,\"commentCount\":0,\"publisher\":{\"@id\":\"https:\/\/madamebulgaria.com\/#organization\"},\"image\":{\"@id\":\"https:\/\/madamebulgaria.com\/sylvie-vartan-interview\/#primaryimage\"},\"thumbnailUrl\":\"https:\/\/madamebulgaria.com\/wp-content\/uploads\/2018\/03\/Sylvie-Vartan-Interview-final.jpg\",\"keywords\":[\"Agenda\",\"Concert\",\"Interview\",\"Show\",\"Sofia\",\"Star\",\"Sylvie Vartan\",\"Varna\"],\"articleSection\":[\"People\"],\"inLanguage\":\"fr-FR\",\"potentialAction\":[{\"@type\":\"CommentAction\",\"name\":\"Comment\",\"target\":[\"https:\/\/madamebulgaria.com\/sylvie-vartan-interview\/#respond\"]}]},{\"@type\":\"WebPage\",\"@id\":\"https:\/\/madamebulgaria.com\/sylvie-vartan-interview\/\",\"url\":\"https:\/\/madamebulgaria.com\/sylvie-vartan-interview\/\",\"name\":\"Sylvie Vartan's Interview For Madame Bulgaria &#8211; Madame Bulgaria\",\"isPartOf\":{\"@id\":\"https:\/\/madamebulgaria.com\/#website\"},\"primaryImageOfPage\":{\"@id\":\"https:\/\/madamebulgaria.com\/sylvie-vartan-interview\/#primaryimage\"},\"image\":{\"@id\":\"https:\/\/madamebulgaria.com\/sylvie-vartan-interview\/#primaryimage\"},\"thumbnailUrl\":\"https:\/\/madamebulgaria.com\/wp-content\/uploads\/2018\/03\/Sylvie-Vartan-Interview-final.jpg\",\"datePublished\":\"2018-03-16T08:18:29+00:00\",\"dateModified\":\"2018-03-18T18:33:33+00:00\",\"description\":\"Sylvie Vartan will be\u00a0in Varna and Sofia,\u00a0on next April 19 and 21th, for a farewells tour \u201cForever Sylvie\u201d. We had the chance to interview her. Here are her answers to our questions...\",\"breadcrumb\":{\"@id\":\"https:\/\/madamebulgaria.com\/sylvie-vartan-interview\/#breadcrumb\"},\"inLanguage\":\"fr-FR\",\"potentialAction\":[{\"@type\":\"ReadAction\",\"target\":[\"https:\/\/madamebulgaria.com\/sylvie-vartan-interview\/\"]}]},{\"@type\":\"ImageObject\",\"inLanguage\":\"fr-FR\",\"@id\":\"https:\/\/madamebulgaria.com\/sylvie-vartan-interview\/#primaryimage\",\"url\":\"https:\/\/madamebulgaria.com\/wp-content\/uploads\/2018\/03\/Sylvie-Vartan-Interview-final.jpg\",\"contentUrl\":\"https:\/\/madamebulgaria.com\/wp-content\/uploads\/2018\/03\/Sylvie-Vartan-Interview-final.jpg\",\"width\":1081,\"height\":720,\"caption\":\"Sylvie Vartan\"},{\"@type\":\"BreadcrumbList\",\"@id\":\"https:\/\/madamebulgaria.com\/sylvie-vartan-interview\/#breadcrumb\",\"itemListElement\":[{\"@type\":\"ListItem\",\"position\":1,\"name\":\"Accueil\",\"item\":\"https:\/\/madamebulgaria.com\/\"},{\"@type\":\"ListItem\",\"position\":2,\"name\":\"Sylvie Vartan&rsquo;s Interview For Madame Bulgaria\"}]},{\"@type\":\"WebSite\",\"@id\":\"https:\/\/madamebulgaria.com\/#website\",\"url\":\"https:\/\/madamebulgaria.com\/\",\"name\":\"Madame Bulgaria\",\"description\":\"Lifestyle, Culture, Food, More of Bulgaria\",\"publisher\":{\"@id\":\"https:\/\/madamebulgaria.com\/#organization\"},\"potentialAction\":[{\"@type\":\"SearchAction\",\"target\":{\"@type\":\"EntryPoint\",\"urlTemplate\":\"https:\/\/madamebulgaria.com\/?s={search_term_string}\"},\"query-input\":{\"@type\":\"PropertyValueSpecification\",\"valueRequired\":true,\"valueName\":\"search_term_string\"}}],\"inLanguage\":\"fr-FR\"},{\"@type\":\"Organization\",\"@id\":\"https:\/\/madamebulgaria.com\/#organization\",\"name\":\"Madame Bulgaria\",\"url\":\"https:\/\/madamebulgaria.com\/\",\"logo\":{\"@type\":\"ImageObject\",\"inLanguage\":\"fr-FR\",\"@id\":\"https:\/\/madamebulgaria.com\/#\/schema\/logo\/image\/\",\"url\":\"https:\/\/madamebulgaria.com\/wp-content\/uploads\/2017\/03\/MB-logo-final-2-3-e1513170700381-1.png\",\"contentUrl\":\"https:\/\/madamebulgaria.com\/wp-content\/uploads\/2017\/03\/MB-logo-final-2-3-e1513170700381-1.png\",\"width\":800,\"height\":500,\"caption\":\"Madame Bulgaria\"},\"image\":{\"@id\":\"https:\/\/madamebulgaria.com\/#\/schema\/logo\/image\/\"},\"sameAs\":[\"https:\/\/www.facebook.com\/madamebulgaria\/?fref=ts\",\"https:\/\/x.com\/madamebulgaria\",\"https:\/\/www.instagram.com\/madamebulgaria\/?hl=fr\",\"https:\/\/www.linkedin.com\/company\/madame-bulgaria\/\",\"https:\/\/www.youtube.com\/channel\/UCi6lmnQoBJkA-eJ4ijysIog\"]},{\"@type\":\"Person\",\"@id\":\"https:\/\/madamebulgaria.com\/#\/schema\/person\/7aa9609fa82f4714913bbbe9ddfe51ad\",\"name\":\"Marie Pietrzak\",\"image\":{\"@type\":\"ImageObject\",\"inLanguage\":\"fr-FR\",\"@id\":\"https:\/\/madamebulgaria.com\/#\/schema\/person\/image\/\",\"url\":\"https:\/\/secure.gravatar.com\/avatar\/e35bc4fd544b40b988805cb9ff91fdcf13945dd539c8a524d3943cd648985d2c?s=96&d=mm&r=g\",\"contentUrl\":\"https:\/\/secure.gravatar.com\/avatar\/e35bc4fd544b40b988805cb9ff91fdcf13945dd539c8a524d3943cd648985d2c?s=96&d=mm&r=g\",\"caption\":\"Marie Pietrzak\"},\"description\":\"Marie is the founder of Madame Bulgaria. She fell in love with Bulgaria when she came for the first time for a weekend in 2012.\",\"sameAs\":[\"https:\/\/www.madamebulgaria.com\",\"https:\/\/www.facebook.com\/mariepieee?fref=ts\"],\"url\":\"https:\/\/madamebulgaria.com\/fr\/author\/marie1606\/\"}]}<\/script>\n<!-- \/ Yoast SEO plugin. -->","yoast_head_json":{"title":"Interview de Sylvie Vartan pour Madame Bulgaria - Madame Bulgaria","description":"Sylvie Vartan sera \u00e0 Varna et Sofia, les 19 et 21 avril prochains, pour une tourn\u00e9e d'adieux \u201cForever Sylvie\u201d. Nous avons eu la chance de l'interviewer. Voici ses r\u00e9ponses \u00e0 nos questions...","robots":{"index":"index","follow":"follow","max-snippet":"max-snippet:-1","max-image-preview":"max-image-preview:large","max-video-preview":"max-video-preview:-1"},"canonical":"https:\/\/madamebulgaria.com\/fr\/interview-de-sylvie-vartan\/","og_locale":"fr_FR","og_type":"article","og_title":"Sylvie Vartan's Interview For Madame Bulgaria &#8211; Madame Bulgaria","og_description":"Sylvie Vartan will be\u00a0in Varna and Sofia,\u00a0on next April 19 and 21th, for a farewells tour \u201cForever Sylvie\u201d. We had the chance to interview her. Here are her answers to our questions...","og_url":"https:\/\/madamebulgaria.com\/fr\/interview-de-sylvie-vartan\/","og_site_name":"Madame Bulgaria","article_publisher":"https:\/\/www.facebook.com\/madamebulgaria\/?fref=ts","article_author":"https:\/\/www.facebook.com\/mariepieee?fref=ts","article_published_time":"2018-03-16T08:18:29+00:00","article_modified_time":"2018-03-18T18:33:33+00:00","og_image":[{"width":1081,"height":720,"url":"https:\/\/madamebulgaria.com\/wp-content\/uploads\/2018\/03\/Sylvie-Vartan-Interview-final.jpg","type":"image\/jpeg"}],"author":"Marie Pietrzak","twitter_card":"summary_large_image","twitter_creator":"@madamebulgaria","twitter_site":"@madamebulgaria","twitter_misc":{"\u00c9crit par":"Marie Pietrzak","Dur\u00e9e de lecture estim\u00e9e":"3 minutes"},"schema":{"@context":"https:\/\/schema.org","@graph":[{"@type":"Article","@id":"https:\/\/madamebulgaria.com\/sylvie-vartan-interview\/#article","isPartOf":{"@id":"https:\/\/madamebulgaria.com\/sylvie-vartan-interview\/"},"author":{"name":"Marie Pietrzak","@id":"https:\/\/madamebulgaria.com\/#\/schema\/person\/7aa9609fa82f4714913bbbe9ddfe51ad"},"headline":"Sylvie Vartan&#8217;s Interview For Madame Bulgaria","datePublished":"2018-03-16T08:18:29+00:00","dateModified":"2018-03-18T18:33:33+00:00","mainEntityOfPage":{"@id":"https:\/\/madamebulgaria.com\/sylvie-vartan-interview\/"},"wordCount":560,"commentCount":0,"publisher":{"@id":"https:\/\/madamebulgaria.com\/#organization"},"image":{"@id":"https:\/\/madamebulgaria.com\/sylvie-vartan-interview\/#primaryimage"},"thumbnailUrl":"https:\/\/madamebulgaria.com\/wp-content\/uploads\/2018\/03\/Sylvie-Vartan-Interview-final.jpg","keywords":["Agenda","Concert","Interview","Show","Sofia","Star","Sylvie Vartan","Varna"],"articleSection":["People"],"inLanguage":"fr-FR","potentialAction":[{"@type":"CommentAction","name":"Comment","target":["https:\/\/madamebulgaria.com\/sylvie-vartan-interview\/#respond"]}]},{"@type":"WebPage","@id":"https:\/\/madamebulgaria.com\/sylvie-vartan-interview\/","url":"https:\/\/madamebulgaria.com\/sylvie-vartan-interview\/","name":"Interview de Sylvie Vartan pour Madame Bulgaria - Madame Bulgaria","isPartOf":{"@id":"https:\/\/madamebulgaria.com\/#website"},"primaryImageOfPage":{"@id":"https:\/\/madamebulgaria.com\/sylvie-vartan-interview\/#primaryimage"},"image":{"@id":"https:\/\/madamebulgaria.com\/sylvie-vartan-interview\/#primaryimage"},"thumbnailUrl":"https:\/\/madamebulgaria.com\/wp-content\/uploads\/2018\/03\/Sylvie-Vartan-Interview-final.jpg","datePublished":"2018-03-16T08:18:29+00:00","dateModified":"2018-03-18T18:33:33+00:00","description":"Sylvie Vartan sera \u00e0 Varna et Sofia, les 19 et 21 avril prochains, pour une tourn\u00e9e d'adieux \u201cForever Sylvie\u201d. Nous avons eu la chance de l'interviewer. Voici ses r\u00e9ponses \u00e0 nos questions...","breadcrumb":{"@id":"https:\/\/madamebulgaria.com\/sylvie-vartan-interview\/#breadcrumb"},"inLanguage":"fr-FR","potentialAction":[{"@type":"ReadAction","target":["https:\/\/madamebulgaria.com\/sylvie-vartan-interview\/"]}]},{"@type":"ImageObject","inLanguage":"fr-FR","@id":"https:\/\/madamebulgaria.com\/sylvie-vartan-interview\/#primaryimage","url":"https:\/\/madamebulgaria.com\/wp-content\/uploads\/2018\/03\/Sylvie-Vartan-Interview-final.jpg","contentUrl":"https:\/\/madamebulgaria.com\/wp-content\/uploads\/2018\/03\/Sylvie-Vartan-Interview-final.jpg","width":1081,"height":720,"caption":"Sylvie Vartan"},{"@type":"BreadcrumbList","@id":"https:\/\/madamebulgaria.com\/sylvie-vartan-interview\/#breadcrumb","itemListElement":[{"@type":"ListItem","position":1,"name":"Accueil","item":"https:\/\/madamebulgaria.com\/"},{"@type":"ListItem","position":2,"name":"Sylvie Vartan&rsquo;s Interview For Madame Bulgaria"}]},{"@type":"WebSite","@id":"https:\/\/madamebulgaria.com\/#website","url":"https:\/\/madamebulgaria.com\/","name":"Madame Bulgarie","description":"Mode de vie, culture, alimentation, plus de Bulgarie","publisher":{"@id":"https:\/\/madamebulgaria.com\/#organization"},"potentialAction":[{"@type":"SearchAction","target":{"@type":"EntryPoint","urlTemplate":"https:\/\/madamebulgaria.com\/?s={search_term_string}"},"query-input":{"@type":"PropertyValueSpecification","valueRequired":true,"valueName":"search_term_string"}}],"inLanguage":"fr-FR"},{"@type":"Organization","@id":"https:\/\/madamebulgaria.com\/#organization","name":"Madame Bulgarie","url":"https:\/\/madamebulgaria.com\/","logo":{"@type":"ImageObject","inLanguage":"fr-FR","@id":"https:\/\/madamebulgaria.com\/#\/schema\/logo\/image\/","url":"https:\/\/madamebulgaria.com\/wp-content\/uploads\/2017\/03\/MB-logo-final-2-3-e1513170700381-1.png","contentUrl":"https:\/\/madamebulgaria.com\/wp-content\/uploads\/2017\/03\/MB-logo-final-2-3-e1513170700381-1.png","width":800,"height":500,"caption":"Madame Bulgaria"},"image":{"@id":"https:\/\/madamebulgaria.com\/#\/schema\/logo\/image\/"},"sameAs":["https:\/\/www.facebook.com\/madamebulgaria\/?fref=ts","https:\/\/x.com\/madamebulgaria","https:\/\/www.instagram.com\/madamebulgaria\/?hl=fr","https:\/\/www.linkedin.com\/company\/madame-bulgaria\/","https:\/\/www.youtube.com\/channel\/UCi6lmnQoBJkA-eJ4ijysIog"]},{"@type":"Person","@id":"https:\/\/madamebulgaria.com\/#\/schema\/person\/7aa9609fa82f4714913bbbe9ddfe51ad","name":"Marie Pietrzak","image":{"@type":"ImageObject","inLanguage":"fr-FR","@id":"https:\/\/madamebulgaria.com\/#\/schema\/person\/image\/","url":"https:\/\/secure.gravatar.com\/avatar\/e35bc4fd544b40b988805cb9ff91fdcf13945dd539c8a524d3943cd648985d2c?s=96&d=mm&r=g","contentUrl":"https:\/\/secure.gravatar.com\/avatar\/e35bc4fd544b40b988805cb9ff91fdcf13945dd539c8a524d3943cd648985d2c?s=96&d=mm&r=g","caption":"Marie Pietrzak"},"description":"Marie est la fondatrice de Madame Bulgaria. Elle est tomb\u00e9e amoureuse de la Bulgarie lorsqu'elle y est venue pour la premi\u00e8re fois pour un week-end en 2012.","sameAs":["https:\/\/www.madamebulgaria.com","https:\/\/www.facebook.com\/mariepieee?fref=ts"],"url":"https:\/\/madamebulgaria.com\/fr\/author\/marie1606\/"}]}},"_links":{"self":[{"href":"https:\/\/madamebulgaria.com\/fr\/wp-json\/wp\/v2\/posts\/11744","targetHints":{"allow":["GET"]}}],"collection":[{"href":"https:\/\/madamebulgaria.com\/fr\/wp-json\/wp\/v2\/posts"}],"about":[{"href":"https:\/\/madamebulgaria.com\/fr\/wp-json\/wp\/v2\/types\/post"}],"author":[{"embeddable":true,"href":"https:\/\/madamebulgaria.com\/fr\/wp-json\/wp\/v2\/users\/1"}],"replies":[{"embeddable":true,"href":"https:\/\/madamebulgaria.com\/fr\/wp-json\/wp\/v2\/comments?post=11744"}],"version-history":[{"count":0,"href":"https:\/\/madamebulgaria.com\/fr\/wp-json\/wp\/v2\/posts\/11744\/revisions"}],"wp:featuredmedia":[{"embeddable":true,"href":"https:\/\/madamebulgaria.com\/fr\/wp-json\/wp\/v2\/media\/11763"}],"wp:attachment":[{"href":"https:\/\/madamebulgaria.com\/fr\/wp-json\/wp\/v2\/media?parent=11744"}],"wp:term":[{"taxonomy":"category","embeddable":true,"href":"https:\/\/madamebulgaria.com\/fr\/wp-json\/wp\/v2\/categories?post=11744"},{"taxonomy":"post_tag","embeddable":true,"href":"https:\/\/madamebulgaria.com\/fr\/wp-json\/wp\/v2\/tags?post=11744"},{"taxonomy":"thb-sponsors","embeddable":true,"href":"https:\/\/madamebulgaria.com\/fr\/wp-json\/wp\/v2\/thb-sponsors?post=11744"}],"curies":[{"name":"wp","href":"https:\/\/api.w.org\/{rel}","templated":true}]}}